{"id":6753,"date":"2022-09-23T07:05:51","date_gmt":"2022-09-23T05:05:51","guid":{"rendered":"https:\/\/platform.as\/recycling-reaches-new-heights-at-platform-as\/"},"modified":"2023-02-02T10:11:33","modified_gmt":"2023-02-02T09:11:33","slug":"recycling-reaches-new-heights-at-platform-as","status":"publish","type":"post","link":"https:\/\/platform.as\/en\/recycling-reaches-new-heights-at-platform-as\/","title":{"rendered":"Recycling reaches new heights at Platform.as"},"content":{"rendered":"<h2>Platform.as now offers to repossess all timber from our mast climbing work platform solutions in order to offer the sale of quality assured recycled timber for future platform installations. An initiative that both reduces resource consumption and saves money. <\/h2>\n<h6>There is no need to discard used wood if it is still usable. That is why we now offer to repossess used wood from projects that have included mast climbing solutions from the lessor. The purpose of this is to reuse wood materials that, after a thorough review, are deemed to continue to meet safety and purpose requirements.  <\/h6>\n<p>&#8211; Platform.as introduces this measure primarily to save natural resources and keep costs down for our customers. In addition, the measure is in line with the company\u2019s general focus on processes that support circular working methods for the benefit of the environment. We are of course very thorough in our review of the wood we collect, and all customers can be certain that all the wood they buy from us is of good quality and fit for the purpose, says Casper Knudsen, CEO of Platform.as.  <\/p>\n<p>As a lessor of <a href=\"https:\/\/platform.as\/#platforme\">mast climbing work platforms<\/a> built in heavy steel, it may sound paradoxical that a company like Platform.as bought approximately 33,000 metres of joists and laths and approximately 17,000 square metres of plywood last year.<\/p>\n<p>&#8211; If our mast climbers cannot reach the facade of a building, for example because of a basement shaft or existing balconies, we set them up so that they are clear of the facade. We extend the platform with extra extensions towards the building with steel supports and a floor of joists and veneer sheets. This is a very applied adaptation of the platform to the particular project, which optimises safety and working conditions on the platform, explains Ulrik Hansen, Service Manager at Platform.as.  <\/p>\n<p><img fetchpriority=\"high\" decoding=\"async\" class=\"alignnone size-full wp-image-21908\" src=\"https:\/\/platform.as\/wp-content\/uploads\/2022\/10\/Genbrug-naar-nye-hoejder-hos-Platform.as-1-1024x768-1.jpg\" alt=\"Kim Jeppesen and Kim Siedlewski collect used wood in Platform.as' reception control for sorting and reselling.\" width=\"1024\" height=\"768\"><\/p>\n<p>The wood used for a project belongs to the customer, and it is therefore the customer\u2019s responsibility to dispose of the wood at the end of the project. Typically, therefore, it ends up in a waste container, and it is this habit that Platform.as is now facing with its new recycling initiative. <\/p>\n<p>When a project is completed, much of the wood is left untouched. Some of the veneer may have been damaged or absorbed moisture, but the joists have been protected under the veneer and, aside from a few screw holes, they\u2019re as good as new. That\u2019s why we now offer our customers to remove all the wood for them, so they do not have to think about other ways to dispose of it\u201d, says Ulrik Hansen.   <\/p>\n<p>Platform.as collects all whole plywood boards, laths and joists from completed projects. Upon return of leased <a href=\"https:\/\/platform.as\/#platforme\">platforms<\/a>, our control ensures that the used wood products are assessed and sorted according to specific requirements.  For example, if the joists are broken or cracked, they are discarded. The same applies to the veneer sheets, which must not have been cut and the veneer layers must not have been separated. There are several criteria, but if the wood can be reused, it is cleaned and stored in a dry place &#8211; like all new wood &#8211; to prevent moisture damage.  <\/p>\n<p>&#8211; After a thorough sorting and quality assurance, we are able to offer the still usable wood to other customers at a reduced price. In this way, we save nature from unnecessary timber harvesting, and customers save money, says Ulrik Hansen. <\/p>\n<p><img decoding=\"async\" class=\"alignnone size-full wp-image-21910\" src=\"https:\/\/platform.as\/wp-content\/uploads\/2022\/10\/Genbrug-naar-nye-hoejder-hos-Platform.as-3-1024x768-1.jpg\" alt=\"Fitter and driver Kenneth Kusiak is taking the floorboards off a work platform as part of a dismantling.\" width=\"1024\" height=\"768\"><\/p>\n","protected":false},"excerpt":{"rendered":"<p>Platform.as now offers to repossess all timber from our mast climbing work platform solutions in order to offer the sale of quality assured recycled timber for future platform installations. An [&hellip;]<\/p>\n","protected":false},"author":8,"featured_media":1943,"comment_status":"closed","ping_status":"closed","sticky":false,"template":"","format":"standard","meta":{"_acf_changed":false,"footnotes":""},"categories":[35],"tags":[],"class_list":["post-6753","post","type-post","status-publish","format-standard","has-post-thumbnail","hentry","category-news"],"acf":[],"yoast_head":"<!-- This site is optimized with the Yoast SEO plugin v27.1.1 - https:\/\/yoast.com\/product\/yoast-seo-wordpress\/ -->\n<title>Recycling reaches new heights at Platform.as - Platform AS<\/title>\n<meta name=\"description\" content=\"Platform.as now offer to take back all wood from platform solutions in order to offer the sale of quality-assured recycled wood for future assemblies.\" \/>\n<meta name=\"robots\" content=\"index, follow, max-snippet:-1, max-image-preview:large, max-video-preview:-1\" \/>\n<link rel=\"canonical\" href=\"https:\/\/platform.as\/en\/recycling-reaches-new-heights-at-platform-as\/\" \/>\n<meta property=\"og:locale\" content=\"en_US\" \/>\n<meta property=\"og:type\" content=\"article\" \/>\n<meta property=\"og:title\" content=\"Recycling reaches new heights at Platform.as - Platform AS\" \/>\n<meta property=\"og:description\" content=\"Platform.as now offer to take back all wood from platform solutions in order to offer the sale of quality-assured recycled wood for future assemblies.\" \/>\n<meta property=\"og:url\" content=\"https:\/\/platform.as\/en\/recycling-reaches-new-heights-at-platform-as\/\" \/>\n<meta property=\"og:site_name\" content=\"Platform AS\" \/>\n<meta property=\"article:published_time\" content=\"2022-09-23T05:05:51+00:00\" \/>\n<meta property=\"article:modified_time\" content=\"2023-02-02T09:11:33+00:00\" \/>\n<meta property=\"og:image\" content=\"https:\/\/platform.as\/wp-content\/uploads\/2022\/10\/Genbrug-naar-nye-hoejder-hos-Platform.as-2-600x300-1.jpg\" \/>\n\t<meta property=\"og:image:width\" content=\"600\" \/>\n\t<meta property=\"og:image:height\" content=\"300\" \/>\n\t<meta property=\"og:image:type\" content=\"image\/jpeg\" \/>\n<meta name=\"author\" content=\"Carsten Andresen\" \/>\n<meta name=\"twitter:label1\" content=\"Written by\" \/>\n\t<meta name=\"twitter:data1\" content=\"Carsten Andresen\" \/>\n\t<meta name=\"twitter:label2\" content=\"Est. reading time\" \/>\n\t<meta name=\"twitter:data2\" content=\"3 minutes\" \/>\n<script type=\"application\/ld+json\" class=\"yoast-schema-graph\">{\"@context\":\"https:\/\/schema.org\",\"@graph\":[{\"@type\":\"Article\",\"@id\":\"https:\/\/platform.as\/en\/recycling-reaches-new-heights-at-platform-as\/#article\",\"isPartOf\":{\"@id\":\"https:\/\/platform.as\/en\/recycling-reaches-new-heights-at-platform-as\/\"},\"author\":{\"name\":\"Carsten Andresen\",\"@id\":\"https:\/\/platform.as\/en\/#\/schema\/person\/15edbe9c41dc58502fd1861a24458c90\"},\"headline\":\"Recycling reaches new heights at Platform.as\",\"datePublished\":\"2022-09-23T05:05:51+00:00\",\"dateModified\":\"2023-02-02T09:11:33+00:00\",\"mainEntityOfPage\":{\"@id\":\"https:\/\/platform.as\/en\/recycling-reaches-new-heights-at-platform-as\/\"},\"wordCount\":585,\"publisher\":{\"@id\":\"https:\/\/platform.as\/en\/#organization\"},\"image\":{\"@id\":\"https:\/\/platform.as\/en\/recycling-reaches-new-heights-at-platform-as\/#primaryimage\"},\"thumbnailUrl\":\"https:\/\/platform.as\/wp-content\/uploads\/2022\/10\/Genbrug-naar-nye-hoejder-hos-Platform.as-2-600x300-1.jpg\",\"articleSection\":[\"News\"],\"inLanguage\":\"en-US\"},{\"@type\":\"WebPage\",\"@id\":\"https:\/\/platform.as\/en\/recycling-reaches-new-heights-at-platform-as\/\",\"url\":\"https:\/\/platform.as\/en\/recycling-reaches-new-heights-at-platform-as\/\",\"name\":\"Recycling reaches new heights at Platform.as - Platform AS\",\"isPartOf\":{\"@id\":\"https:\/\/platform.as\/en\/#website\"},\"primaryImageOfPage\":{\"@id\":\"https:\/\/platform.as\/en\/recycling-reaches-new-heights-at-platform-as\/#primaryimage\"},\"image\":{\"@id\":\"https:\/\/platform.as\/en\/recycling-reaches-new-heights-at-platform-as\/#primaryimage\"},\"thumbnailUrl\":\"https:\/\/platform.as\/wp-content\/uploads\/2022\/10\/Genbrug-naar-nye-hoejder-hos-Platform.as-2-600x300-1.jpg\",\"datePublished\":\"2022-09-23T05:05:51+00:00\",\"dateModified\":\"2023-02-02T09:11:33+00:00\",\"description\":\"Platform.as now offer to take back all wood from platform solutions in order to offer the sale of quality-assured recycled wood for future assemblies.\",\"inLanguage\":\"en-US\",\"potentialAction\":[{\"@type\":\"ReadAction\",\"target\":[\"https:\/\/platform.as\/en\/recycling-reaches-new-heights-at-platform-as\/\"]}]},{\"@type\":\"ImageObject\",\"inLanguage\":\"en-US\",\"@id\":\"https:\/\/platform.as\/en\/recycling-reaches-new-heights-at-platform-as\/#primaryimage\",\"url\":\"https:\/\/platform.as\/wp-content\/uploads\/2022\/10\/Genbrug-naar-nye-hoejder-hos-Platform.as-2-600x300-1.jpg\",\"contentUrl\":\"https:\/\/platform.as\/wp-content\/uploads\/2022\/10\/Genbrug-naar-nye-hoejder-hos-Platform.as-2-600x300-1.jpg\",\"width\":600,\"height\":300},{\"@type\":\"WebSite\",\"@id\":\"https:\/\/platform.as\/en\/#website\",\"url\":\"https:\/\/platform.as\/en\/\",\"name\":\"Platform AS\",\"description\":\"S\u00f8ger du arbejdsplatform til dit byggeprojekt? Hos Platform.as r\u00e5der vi over 360 driftssikre arbejdsplatforme og byggehejs \u2192 F\u00e5 en skr\u00e6ddersyet l\u00f8sning.\",\"publisher\":{\"@id\":\"https:\/\/platform.as\/en\/#organization\"},\"potentialAction\":[{\"@type\":\"SearchAction\",\"target\":{\"@type\":\"EntryPoint\",\"urlTemplate\":\"https:\/\/platform.as\/en\/?s={search_term_string}\"},\"query-input\":{\"@type\":\"PropertyValueSpecification\",\"valueRequired\":true,\"valueName\":\"search_term_string\"}}],\"inLanguage\":\"en-US\"},{\"@type\":\"Organization\",\"@id\":\"https:\/\/platform.as\/en\/#organization\",\"name\":\"Platform AS\",\"url\":\"https:\/\/platform.as\/en\/\",\"logo\":{\"@type\":\"ImageObject\",\"inLanguage\":\"en-US\",\"@id\":\"https:\/\/platform.as\/en\/#\/schema\/logo\/image\/\",\"url\":\"https:\/\/platform.as\/wp-content\/uploads\/2022\/09\/platform_as_logo_black_b.svg\",\"contentUrl\":\"https:\/\/platform.as\/wp-content\/uploads\/2022\/09\/platform_as_logo_black_b.svg\",\"width\":500,\"height\":188,\"caption\":\"Platform AS\"},\"image\":{\"@id\":\"https:\/\/platform.as\/en\/#\/schema\/logo\/image\/\"}},{\"@type\":\"Person\",\"@id\":\"https:\/\/platform.as\/en\/#\/schema\/person\/15edbe9c41dc58502fd1861a24458c90\",\"name\":\"Carsten Andresen\",\"image\":{\"@type\":\"ImageObject\",\"inLanguage\":\"en-US\",\"@id\":\"https:\/\/platform.as\/en\/#\/schema\/person\/image\/\",\"url\":\"https:\/\/secure.gravatar.com\/avatar\/54dc68bf597f19a188b5bec6680f84ba9f5917907844e5777e43b85852882285?s=96&d=mm&r=g\",\"contentUrl\":\"https:\/\/secure.gravatar.com\/avatar\/54dc68bf597f19a188b5bec6680f84ba9f5917907844e5777e43b85852882285?s=96&d=mm&r=g\",\"caption\":\"Carsten Andresen\"}}]}<\/script>\n<!-- \/ Yoast SEO plugin. -->","yoast_head_json":{"title":"Recycling reaches new heights at Platform.as - Platform AS","description":"Platform.as now offer to take back all wood from platform solutions in order to offer the sale of quality-assured recycled wood for future assemblies.","robots":{"index":"index","follow":"follow","max-snippet":"max-snippet:-1","max-image-preview":"max-image-preview:large","max-video-preview":"max-video-preview:-1"},"canonical":"https:\/\/platform.as\/en\/recycling-reaches-new-heights-at-platform-as\/","og_locale":"en_US","og_type":"article","og_title":"Recycling reaches new heights at Platform.as - Platform AS","og_description":"Platform.as now offer to take back all wood from platform solutions in order to offer the sale of quality-assured recycled wood for future assemblies.","og_url":"https:\/\/platform.as\/en\/recycling-reaches-new-heights-at-platform-as\/","og_site_name":"Platform AS","article_published_time":"2022-09-23T05:05:51+00:00","article_modified_time":"2023-02-02T09:11:33+00:00","og_image":[{"width":600,"height":300,"url":"https:\/\/platform.as\/wp-content\/uploads\/2022\/10\/Genbrug-naar-nye-hoejder-hos-Platform.as-2-600x300-1.jpg","type":"image\/jpeg"}],"author":"Carsten Andresen","twitter_misc":{"Written by":"Carsten Andresen","Est. reading time":"3 minutes"},"schema":{"@context":"https:\/\/schema.org","@graph":[{"@type":"Article","@id":"https:\/\/platform.as\/en\/recycling-reaches-new-heights-at-platform-as\/#article","isPartOf":{"@id":"https:\/\/platform.as\/en\/recycling-reaches-new-heights-at-platform-as\/"},"author":{"name":"Carsten Andresen","@id":"https:\/\/platform.as\/en\/#\/schema\/person\/15edbe9c41dc58502fd1861a24458c90"},"headline":"Recycling reaches new heights at Platform.as","datePublished":"2022-09-23T05:05:51+00:00","dateModified":"2023-02-02T09:11:33+00:00","mainEntityOfPage":{"@id":"https:\/\/platform.as\/en\/recycling-reaches-new-heights-at-platform-as\/"},"wordCount":585,"publisher":{"@id":"https:\/\/platform.as\/en\/#organization"},"image":{"@id":"https:\/\/platform.as\/en\/recycling-reaches-new-heights-at-platform-as\/#primaryimage"},"thumbnailUrl":"https:\/\/platform.as\/wp-content\/uploads\/2022\/10\/Genbrug-naar-nye-hoejder-hos-Platform.as-2-600x300-1.jpg","articleSection":["News"],"inLanguage":"en-US"},{"@type":"WebPage","@id":"https:\/\/platform.as\/en\/recycling-reaches-new-heights-at-platform-as\/","url":"https:\/\/platform.as\/en\/recycling-reaches-new-heights-at-platform-as\/","name":"Recycling reaches new heights at Platform.as - Platform AS","isPartOf":{"@id":"https:\/\/platform.as\/en\/#website"},"primaryImageOfPage":{"@id":"https:\/\/platform.as\/en\/recycling-reaches-new-heights-at-platform-as\/#primaryimage"},"image":{"@id":"https:\/\/platform.as\/en\/recycling-reaches-new-heights-at-platform-as\/#primaryimage"},"thumbnailUrl":"https:\/\/platform.as\/wp-content\/uploads\/2022\/10\/Genbrug-naar-nye-hoejder-hos-Platform.as-2-600x300-1.jpg","datePublished":"2022-09-23T05:05:51+00:00","dateModified":"2023-02-02T09:11:33+00:00","description":"Platform.as now offer to take back all wood from platform solutions in order to offer the sale of quality-assured recycled wood for future assemblies.","inLanguage":"en-US","potentialAction":[{"@type":"ReadAction","target":["https:\/\/platform.as\/en\/recycling-reaches-new-heights-at-platform-as\/"]}]},{"@type":"ImageObject","inLanguage":"en-US","@id":"https:\/\/platform.as\/en\/recycling-reaches-new-heights-at-platform-as\/#primaryimage","url":"https:\/\/platform.as\/wp-content\/uploads\/2022\/10\/Genbrug-naar-nye-hoejder-hos-Platform.as-2-600x300-1.jpg","contentUrl":"https:\/\/platform.as\/wp-content\/uploads\/2022\/10\/Genbrug-naar-nye-hoejder-hos-Platform.as-2-600x300-1.jpg","width":600,"height":300},{"@type":"WebSite","@id":"https:\/\/platform.as\/en\/#website","url":"https:\/\/platform.as\/en\/","name":"Platform AS","description":"S\u00f8ger du arbejdsplatform til dit byggeprojekt? Hos Platform.as r\u00e5der vi over 360 driftssikre arbejdsplatforme og byggehejs \u2192 F\u00e5 en skr\u00e6ddersyet l\u00f8sning.","publisher":{"@id":"https:\/\/platform.as\/en\/#organization"},"potentialAction":[{"@type":"SearchAction","target":{"@type":"EntryPoint","urlTemplate":"https:\/\/platform.as\/en\/?s={search_term_string}"},"query-input":{"@type":"PropertyValueSpecification","valueRequired":true,"valueName":"search_term_string"}}],"inLanguage":"en-US"},{"@type":"Organization","@id":"https:\/\/platform.as\/en\/#organization","name":"Platform AS","url":"https:\/\/platform.as\/en\/","logo":{"@type":"ImageObject","inLanguage":"en-US","@id":"https:\/\/platform.as\/en\/#\/schema\/logo\/image\/","url":"https:\/\/platform.as\/wp-content\/uploads\/2022\/09\/platform_as_logo_black_b.svg","contentUrl":"https:\/\/platform.as\/wp-content\/uploads\/2022\/09\/platform_as_logo_black_b.svg","width":500,"height":188,"caption":"Platform AS"},"image":{"@id":"https:\/\/platform.as\/en\/#\/schema\/logo\/image\/"}},{"@type":"Person","@id":"https:\/\/platform.as\/en\/#\/schema\/person\/15edbe9c41dc58502fd1861a24458c90","name":"Carsten Andresen","image":{"@type":"ImageObject","inLanguage":"en-US","@id":"https:\/\/platform.as\/en\/#\/schema\/person\/image\/","url":"https:\/\/secure.gravatar.com\/avatar\/54dc68bf597f19a188b5bec6680f84ba9f5917907844e5777e43b85852882285?s=96&d=mm&r=g","contentUrl":"https:\/\/secure.gravatar.com\/avatar\/54dc68bf597f19a188b5bec6680f84ba9f5917907844e5777e43b85852882285?s=96&d=mm&r=g","caption":"Carsten Andresen"}}]}},"_links":{"self":[{"href":"https:\/\/platform.as\/en\/wp-json\/wp\/v2\/posts\/6753","targetHints":{"allow":["GET"]}}],"collection":[{"href":"https:\/\/platform.as\/en\/wp-json\/wp\/v2\/posts"}],"about":[{"href":"https:\/\/platform.as\/en\/wp-json\/wp\/v2\/types\/post"}],"author":[{"embeddable":true,"href":"https:\/\/platform.as\/en\/wp-json\/wp\/v2\/users\/8"}],"replies":[{"embeddable":true,"href":"https:\/\/platform.as\/en\/wp-json\/wp\/v2\/comments?post=6753"}],"version-history":[{"count":1,"href":"https:\/\/platform.as\/en\/wp-json\/wp\/v2\/posts\/6753\/revisions"}],"predecessor-version":[{"id":6754,"href":"https:\/\/platform.as\/en\/wp-json\/wp\/v2\/posts\/6753\/revisions\/6754"}],"wp:featuredmedia":[{"embeddable":true,"href":"https:\/\/platform.as\/en\/wp-json\/wp\/v2\/media\/1943"}],"wp:attachment":[{"href":"https:\/\/platform.as\/en\/wp-json\/wp\/v2\/media?parent=6753"}],"wp:term":[{"taxonomy":"category","embeddable":true,"href":"https:\/\/platform.as\/en\/wp-json\/wp\/v2\/categories?post=6753"},{"taxonomy":"post_tag","embeddable":true,"href":"https:\/\/platform.as\/en\/wp-json\/wp\/v2\/tags?post=6753"}],"curies":[{"name":"wp","href":"https:\/\/api.w.org\/{rel}","templated":true}]}}