{"id":9227,"date":"2024-02-15T10:59:22","date_gmt":"2024-02-15T09:59:22","guid":{"rendered":"https:\/\/platform.as\/?p=9227"},"modified":"2024-02-15T13:00:52","modified_gmt":"2024-02-15T12:00:52","slug":"platform-as-aims-to-add-value-to-contractors-bidding-phase","status":"publish","type":"post","link":"https:\/\/platform.as\/en\/platform-as-aims-to-add-value-to-contractors-bidding-phase\/","title":{"rendered":"Platform.as aims to add value to contractors&#8217; bidding phase"},"content":{"rendered":"<p><img fetchpriority=\"high\" decoding=\"async\" class=\"alignnone size-full wp-image-9251\" src=\"https:\/\/platform.as\/wp-content\/uploads\/2024\/02\/Platform.as-vil-skabe-mervaerdi-i-entreprenoerers-tilbudsfase-1_4-1400x786-1.jpg\" alt=\"Casper Gorm Knudsen, administrerende direkt\u00f8r for Platform.as, er meget glad for at byde Peter Knudsen velkommen til Platform.as.\" width=\"1400\" height=\"786\" srcset=\"https:\/\/platform.as\/wp-content\/uploads\/2024\/02\/Platform.as-vil-skabe-mervaerdi-i-entreprenoerers-tilbudsfase-1_4-1400x786-1.jpg 1400w, https:\/\/platform.as\/wp-content\/uploads\/2024\/02\/Platform.as-vil-skabe-mervaerdi-i-entreprenoerers-tilbudsfase-1_4-1400x786-1-300x168.jpg 300w, https:\/\/platform.as\/wp-content\/uploads\/2024\/02\/Platform.as-vil-skabe-mervaerdi-i-entreprenoerers-tilbudsfase-1_4-1400x786-1-1024x575.jpg 1024w, https:\/\/platform.as\/wp-content\/uploads\/2024\/02\/Platform.as-vil-skabe-mervaerdi-i-entreprenoerers-tilbudsfase-1_4-1400x786-1-768x431.jpg 768w\" sizes=\"(max-width: 1400px) 100vw, 1400px\" \/><\/p>\n<h2>Peter&#8217;s expertise and commitment will primarily be used to strengthen Platform.as&#8217; collaboration with contractors, helping them to see value-creating opportunities in the use of work platforms. It is already in the contractors&#8217; bidding phase that Peter will offer them help to identify the types of tasks where platforms can streamline workflows in construction and renovation projects.<\/h2>\n<p>Casper Gorm Knudsen, CEO of Platform.as, states, &#8220;We are very pleased to welcome Peter to our team. With his extensive experience as a craftsman and contractor, as well as his vast knowledge of work platforms, we are confident that he will be a great asset to our company \u2013 and to the contractors who will use Peter&#8217;s advice during their bidding phase.&#8221;<\/p>\n<p>Peter Knudsen has a long career behind him, stretching from his time as a bricklayer to his role as a contractor and business leader. He has been <a href=\"https:\/\/platform.as\/en\/work-platforms-are-the-modern-replacement-for-scaffolding\/\">working with work platforms<\/a> for over three decades, first at the contractor company Enem\u00e6rke &amp; Petersen, where he was instrumental in introducing the use of platforms for facade work, and later at Altan.dk, where he decided that all balcony projects, where possible, should be carried out from work platforms.<\/p>\n<p><img decoding=\"async\" class=\"alignnone size-full wp-image-9233\" src=\"https:\/\/platform.as\/wp-content\/uploads\/2024\/02\/Platform.as-vil-skabe-mervaerdi-i-entreprenoerers-tilbudsfase-2-1024x768-1.jpg\" alt=\"Peter Knudsens ekspertise og engagement skal i h\u00f8j grad bruges til at styrke Platform.as\u2019 samarbejde med entrepren\u00f8rerne i byggebranchen.\" width=\"1024\" height=\"768\" srcset=\"https:\/\/platform.as\/wp-content\/uploads\/2024\/02\/Platform.as-vil-skabe-mervaerdi-i-entreprenoerers-tilbudsfase-2-1024x768-1.jpg 1024w, https:\/\/platform.as\/wp-content\/uploads\/2024\/02\/Platform.as-vil-skabe-mervaerdi-i-entreprenoerers-tilbudsfase-2-1024x768-1-300x225.jpg 300w, https:\/\/platform.as\/wp-content\/uploads\/2024\/02\/Platform.as-vil-skabe-mervaerdi-i-entreprenoerers-tilbudsfase-2-1024x768-1-768x576.jpg 768w\" sizes=\"(max-width: 1024px) 100vw, 1024px\" \/><\/p>\n<p>As a sales consultant at Platform.as, Peter&#8217;s tasks will be wide-ranging. In addition to advising contractors, he will also visit construction sites to inspect projects, develop new solutions and ideas for the sales department, and assist his colleagues with post-calculating bids.<\/p>\n<p>&#8220;Peter&#8217;s unique background in the construction industry gives him a valuable understanding of the needs and challenges of the contractor industry, and his knowledge will strengthen Platform.as&#8217; efforts to deliver innovative and effective solutions to contractors and craftsmen,&#8221; continues Casper Gorm Knudsen.<\/p>\n<p>It&#8217;s not only the colleagues at Platform.as who are looking forward to collaborating and consulting with Peter Knudsen. Peter is also very excited to take on the new challenges at Platform.as.<\/p>\n<p>&#8220;I know there is huge potential in using <a href=\"https:\/\/platform.as\/en\/work-platforms-are-the-modern-replacement-for-scaffolding\/\">work platforms for the execution of all types of roof and facade tasks<\/a>. I look forward to focusing on this, and I&#8217;m excited to contribute to Platform.as&#8217; continued success and growth,&#8221; says Peter Knudsen, before concluding:<\/p>\n<p>&#8220;It&#8217;s also important to remember that work platforms greatly contribute to improving the working environment. I have always believed that the work environment, including safety, is at least as important as efficiency and value when one&#8217;s employees are on construction sites.&#8221;<\/p>\n<p><img decoding=\"async\" class=\"alignnone size-full wp-image-9235\" src=\"https:\/\/platform.as\/wp-content\/uploads\/2024\/02\/Platform.as-vil-skabe-mervaerdi-i-entreprenoerers-tilbudsfase-3-1024x768-1.jpg\" alt=\"Allerede i entrepren\u00f8rernes tilbudsfase vil Peter Knudsen hj\u00e6lpe at identificere, hvor arbejdsplatforme kan skabe merv\u00e6rdi.\" width=\"1024\" height=\"768\" srcset=\"https:\/\/platform.as\/wp-content\/uploads\/2024\/02\/Platform.as-vil-skabe-mervaerdi-i-entreprenoerers-tilbudsfase-3-1024x768-1.jpg 1024w, https:\/\/platform.as\/wp-content\/uploads\/2024\/02\/Platform.as-vil-skabe-mervaerdi-i-entreprenoerers-tilbudsfase-3-1024x768-1-300x225.jpg 300w, https:\/\/platform.as\/wp-content\/uploads\/2024\/02\/Platform.as-vil-skabe-mervaerdi-i-entreprenoerers-tilbudsfase-3-1024x768-1-768x576.jpg 768w\" sizes=\"(max-width: 1024px) 100vw, 1024px\" \/><\/p>\n","protected":false},"excerpt":{"rendered":"<p>Peter&#8217;s expertise and commitment will primarily be used to strengthen Platform.as&#8217; collaboration with contractors, helping them to see value-creating opportunities in the use of work platforms. It is already in [&hellip;]<\/p>\n","protected":false},"author":8,"featured_media":9239,"comment_status":"closed","ping_status":"open","sticky":false,"template":"","format":"standard","meta":{"_acf_changed":false,"footnotes":""},"categories":[35],"tags":[],"class_list":["post-9227","post","type-post","status-publish","format-standard","has-post-thumbnail","hentry","category-news"],"acf":[],"yoast_head":"<!-- This site is optimized with the Yoast SEO plugin v27.1.1 - https:\/\/yoast.com\/product\/yoast-seo-wordpress\/ -->\n<title>Platform.as aims to add value to contractors&#039; bidding phase - Platform AS<\/title>\n<meta name=\"description\" content=\"With more than 40 years in the construction industry, Peter Knudsen will become a valuable resource in Platform.as&#039; sales department. The former bricklayer and contractor has been hired as the company&#039;s new consultant.\" \/>\n<meta name=\"robots\" content=\"index, follow, max-snippet:-1, max-image-preview:large, max-video-preview:-1\" \/>\n<link rel=\"canonical\" href=\"https:\/\/platform.as\/en\/platform-as-aims-to-add-value-to-contractors-bidding-phase\/\" \/>\n<meta property=\"og:locale\" content=\"en_US\" \/>\n<meta property=\"og:type\" content=\"article\" \/>\n<meta property=\"og:title\" content=\"Platform.as aims to add value to contractors&#039; bidding phase - Platform AS\" \/>\n<meta property=\"og:description\" content=\"With more than 40 years in the construction industry, Peter Knudsen will become a valuable resource in Platform.as&#039; sales department. The former bricklayer and contractor has been hired as the company&#039;s new consultant.\" \/>\n<meta property=\"og:url\" content=\"https:\/\/platform.as\/en\/platform-as-aims-to-add-value-to-contractors-bidding-phase\/\" \/>\n<meta property=\"og:site_name\" content=\"Platform AS\" \/>\n<meta property=\"article:published_time\" content=\"2024-02-15T09:59:22+00:00\" \/>\n<meta property=\"article:modified_time\" content=\"2024-02-15T12:00:52+00:00\" \/>\n<meta property=\"og:image\" content=\"https:\/\/platform.as\/wp-content\/uploads\/2024\/02\/Platform.as-vil-skabe-mervaerdi-i-entreprenoerers-tilbudsfase-1_2-560x430-1.jpg\" \/>\n\t<meta property=\"og:image:width\" content=\"560\" \/>\n\t<meta property=\"og:image:height\" content=\"430\" \/>\n\t<meta property=\"og:image:type\" content=\"image\/jpeg\" \/>\n<meta name=\"author\" content=\"Carsten Andresen\" \/>\n<meta name=\"twitter:label1\" content=\"Written by\" \/>\n\t<meta name=\"twitter:data1\" content=\"Carsten Andresen\" \/>\n\t<meta name=\"twitter:label2\" content=\"Est. reading time\" \/>\n\t<meta name=\"twitter:data2\" content=\"3 minutes\" \/>\n<script type=\"application\/ld+json\" class=\"yoast-schema-graph\">{\"@context\":\"https:\/\/schema.org\",\"@graph\":[{\"@type\":\"Article\",\"@id\":\"https:\/\/platform.as\/en\/platform-as-aims-to-add-value-to-contractors-bidding-phase\/#article\",\"isPartOf\":{\"@id\":\"https:\/\/platform.as\/en\/platform-as-aims-to-add-value-to-contractors-bidding-phase\/\"},\"author\":{\"name\":\"Carsten Andresen\",\"@id\":\"https:\/\/platform.as\/en\/#\/schema\/person\/15edbe9c41dc58502fd1861a24458c90\"},\"headline\":\"Platform.as aims to add value to contractors&#8217; bidding phase\",\"datePublished\":\"2024-02-15T09:59:22+00:00\",\"dateModified\":\"2024-02-15T12:00:52+00:00\",\"mainEntityOfPage\":{\"@id\":\"https:\/\/platform.as\/en\/platform-as-aims-to-add-value-to-contractors-bidding-phase\/\"},\"wordCount\":419,\"publisher\":{\"@id\":\"https:\/\/platform.as\/en\/#organization\"},\"image\":{\"@id\":\"https:\/\/platform.as\/en\/platform-as-aims-to-add-value-to-contractors-bidding-phase\/#primaryimage\"},\"thumbnailUrl\":\"https:\/\/platform.as\/wp-content\/uploads\/2024\/02\/Platform.as-vil-skabe-mervaerdi-i-entreprenoerers-tilbudsfase-1_2-560x430-1.jpg\",\"articleSection\":[\"News\"],\"inLanguage\":\"en-US\"},{\"@type\":\"WebPage\",\"@id\":\"https:\/\/platform.as\/en\/platform-as-aims-to-add-value-to-contractors-bidding-phase\/\",\"url\":\"https:\/\/platform.as\/en\/platform-as-aims-to-add-value-to-contractors-bidding-phase\/\",\"name\":\"Platform.as aims to add value to contractors' bidding phase - Platform AS\",\"isPartOf\":{\"@id\":\"https:\/\/platform.as\/en\/#website\"},\"primaryImageOfPage\":{\"@id\":\"https:\/\/platform.as\/en\/platform-as-aims-to-add-value-to-contractors-bidding-phase\/#primaryimage\"},\"image\":{\"@id\":\"https:\/\/platform.as\/en\/platform-as-aims-to-add-value-to-contractors-bidding-phase\/#primaryimage\"},\"thumbnailUrl\":\"https:\/\/platform.as\/wp-content\/uploads\/2024\/02\/Platform.as-vil-skabe-mervaerdi-i-entreprenoerers-tilbudsfase-1_2-560x430-1.jpg\",\"datePublished\":\"2024-02-15T09:59:22+00:00\",\"dateModified\":\"2024-02-15T12:00:52+00:00\",\"description\":\"With more than 40 years in the construction industry, Peter Knudsen will become a valuable resource in Platform.as' sales department. The former bricklayer and contractor has been hired as the company's new consultant.\",\"inLanguage\":\"en-US\",\"potentialAction\":[{\"@type\":\"ReadAction\",\"target\":[\"https:\/\/platform.as\/en\/platform-as-aims-to-add-value-to-contractors-bidding-phase\/\"]}]},{\"@type\":\"ImageObject\",\"inLanguage\":\"en-US\",\"@id\":\"https:\/\/platform.as\/en\/platform-as-aims-to-add-value-to-contractors-bidding-phase\/#primaryimage\",\"url\":\"https:\/\/platform.as\/wp-content\/uploads\/2024\/02\/Platform.as-vil-skabe-mervaerdi-i-entreprenoerers-tilbudsfase-1_2-560x430-1.jpg\",\"contentUrl\":\"https:\/\/platform.as\/wp-content\/uploads\/2024\/02\/Platform.as-vil-skabe-mervaerdi-i-entreprenoerers-tilbudsfase-1_2-560x430-1.jpg\",\"width\":560,\"height\":430,\"caption\":\"Casper Gorm Knudsen, administrerende direkt\u00f8r for Platform.as, er meget glad for at byde Peter Knudsen velkommen til Platform.as.\"},{\"@type\":\"WebSite\",\"@id\":\"https:\/\/platform.as\/en\/#website\",\"url\":\"https:\/\/platform.as\/en\/\",\"name\":\"Platform AS\",\"description\":\"S\u00f8ger du arbejdsplatform til dit byggeprojekt? Hos Platform.as r\u00e5der vi over 360 driftssikre arbejdsplatforme og byggehejs \u2192 F\u00e5 en skr\u00e6ddersyet l\u00f8sning.\",\"publisher\":{\"@id\":\"https:\/\/platform.as\/en\/#organization\"},\"potentialAction\":[{\"@type\":\"SearchAction\",\"target\":{\"@type\":\"EntryPoint\",\"urlTemplate\":\"https:\/\/platform.as\/en\/?s={search_term_string}\"},\"query-input\":{\"@type\":\"PropertyValueSpecification\",\"valueRequired\":true,\"valueName\":\"search_term_string\"}}],\"inLanguage\":\"en-US\"},{\"@type\":\"Organization\",\"@id\":\"https:\/\/platform.as\/en\/#organization\",\"name\":\"Platform AS\",\"url\":\"https:\/\/platform.as\/en\/\",\"logo\":{\"@type\":\"ImageObject\",\"inLanguage\":\"en-US\",\"@id\":\"https:\/\/platform.as\/en\/#\/schema\/logo\/image\/\",\"url\":\"https:\/\/platform.as\/wp-content\/uploads\/2022\/09\/platform_as_logo_black_b.svg\",\"contentUrl\":\"https:\/\/platform.as\/wp-content\/uploads\/2022\/09\/platform_as_logo_black_b.svg\",\"width\":500,\"height\":188,\"caption\":\"Platform AS\"},\"image\":{\"@id\":\"https:\/\/platform.as\/en\/#\/schema\/logo\/image\/\"}},{\"@type\":\"Person\",\"@id\":\"https:\/\/platform.as\/en\/#\/schema\/person\/15edbe9c41dc58502fd1861a24458c90\",\"name\":\"Carsten Andresen\",\"image\":{\"@type\":\"ImageObject\",\"inLanguage\":\"en-US\",\"@id\":\"https:\/\/platform.as\/en\/#\/schema\/person\/image\/\",\"url\":\"https:\/\/secure.gravatar.com\/avatar\/54dc68bf597f19a188b5bec6680f84ba9f5917907844e5777e43b85852882285?s=96&d=mm&r=g\",\"contentUrl\":\"https:\/\/secure.gravatar.com\/avatar\/54dc68bf597f19a188b5bec6680f84ba9f5917907844e5777e43b85852882285?s=96&d=mm&r=g\",\"caption\":\"Carsten Andresen\"}}]}<\/script>\n<!-- \/ Yoast SEO plugin. -->","yoast_head_json":{"title":"Platform.as aims to add value to contractors' bidding phase - Platform AS","description":"With more than 40 years in the construction industry, Peter Knudsen will become a valuable resource in Platform.as' sales department. The former bricklayer and contractor has been hired as the company's new consultant.","robots":{"index":"index","follow":"follow","max-snippet":"max-snippet:-1","max-image-preview":"max-image-preview:large","max-video-preview":"max-video-preview:-1"},"canonical":"https:\/\/platform.as\/en\/platform-as-aims-to-add-value-to-contractors-bidding-phase\/","og_locale":"en_US","og_type":"article","og_title":"Platform.as aims to add value to contractors' bidding phase - Platform AS","og_description":"With more than 40 years in the construction industry, Peter Knudsen will become a valuable resource in Platform.as' sales department. The former bricklayer and contractor has been hired as the company's new consultant.","og_url":"https:\/\/platform.as\/en\/platform-as-aims-to-add-value-to-contractors-bidding-phase\/","og_site_name":"Platform AS","article_published_time":"2024-02-15T09:59:22+00:00","article_modified_time":"2024-02-15T12:00:52+00:00","og_image":[{"width":560,"height":430,"url":"https:\/\/platform.as\/wp-content\/uploads\/2024\/02\/Platform.as-vil-skabe-mervaerdi-i-entreprenoerers-tilbudsfase-1_2-560x430-1.jpg","type":"image\/jpeg"}],"author":"Carsten Andresen","twitter_misc":{"Written by":"Carsten Andresen","Est. reading time":"3 minutes"},"schema":{"@context":"https:\/\/schema.org","@graph":[{"@type":"Article","@id":"https:\/\/platform.as\/en\/platform-as-aims-to-add-value-to-contractors-bidding-phase\/#article","isPartOf":{"@id":"https:\/\/platform.as\/en\/platform-as-aims-to-add-value-to-contractors-bidding-phase\/"},"author":{"name":"Carsten Andresen","@id":"https:\/\/platform.as\/en\/#\/schema\/person\/15edbe9c41dc58502fd1861a24458c90"},"headline":"Platform.as aims to add value to contractors&#8217; bidding phase","datePublished":"2024-02-15T09:59:22+00:00","dateModified":"2024-02-15T12:00:52+00:00","mainEntityOfPage":{"@id":"https:\/\/platform.as\/en\/platform-as-aims-to-add-value-to-contractors-bidding-phase\/"},"wordCount":419,"publisher":{"@id":"https:\/\/platform.as\/en\/#organization"},"image":{"@id":"https:\/\/platform.as\/en\/platform-as-aims-to-add-value-to-contractors-bidding-phase\/#primaryimage"},"thumbnailUrl":"https:\/\/platform.as\/wp-content\/uploads\/2024\/02\/Platform.as-vil-skabe-mervaerdi-i-entreprenoerers-tilbudsfase-1_2-560x430-1.jpg","articleSection":["News"],"inLanguage":"en-US"},{"@type":"WebPage","@id":"https:\/\/platform.as\/en\/platform-as-aims-to-add-value-to-contractors-bidding-phase\/","url":"https:\/\/platform.as\/en\/platform-as-aims-to-add-value-to-contractors-bidding-phase\/","name":"Platform.as aims to add value to contractors' bidding phase - Platform AS","isPartOf":{"@id":"https:\/\/platform.as\/en\/#website"},"primaryImageOfPage":{"@id":"https:\/\/platform.as\/en\/platform-as-aims-to-add-value-to-contractors-bidding-phase\/#primaryimage"},"image":{"@id":"https:\/\/platform.as\/en\/platform-as-aims-to-add-value-to-contractors-bidding-phase\/#primaryimage"},"thumbnailUrl":"https:\/\/platform.as\/wp-content\/uploads\/2024\/02\/Platform.as-vil-skabe-mervaerdi-i-entreprenoerers-tilbudsfase-1_2-560x430-1.jpg","datePublished":"2024-02-15T09:59:22+00:00","dateModified":"2024-02-15T12:00:52+00:00","description":"With more than 40 years in the construction industry, Peter Knudsen will become a valuable resource in Platform.as' sales department. The former bricklayer and contractor has been hired as the company's new consultant.","inLanguage":"en-US","potentialAction":[{"@type":"ReadAction","target":["https:\/\/platform.as\/en\/platform-as-aims-to-add-value-to-contractors-bidding-phase\/"]}]},{"@type":"ImageObject","inLanguage":"en-US","@id":"https:\/\/platform.as\/en\/platform-as-aims-to-add-value-to-contractors-bidding-phase\/#primaryimage","url":"https:\/\/platform.as\/wp-content\/uploads\/2024\/02\/Platform.as-vil-skabe-mervaerdi-i-entreprenoerers-tilbudsfase-1_2-560x430-1.jpg","contentUrl":"https:\/\/platform.as\/wp-content\/uploads\/2024\/02\/Platform.as-vil-skabe-mervaerdi-i-entreprenoerers-tilbudsfase-1_2-560x430-1.jpg","width":560,"height":430,"caption":"Casper Gorm Knudsen, administrerende direkt\u00f8r for Platform.as, er meget glad for at byde Peter Knudsen velkommen til Platform.as."},{"@type":"WebSite","@id":"https:\/\/platform.as\/en\/#website","url":"https:\/\/platform.as\/en\/","name":"Platform AS","description":"S\u00f8ger du arbejdsplatform til dit byggeprojekt? Hos Platform.as r\u00e5der vi over 360 driftssikre arbejdsplatforme og byggehejs \u2192 F\u00e5 en skr\u00e6ddersyet l\u00f8sning.","publisher":{"@id":"https:\/\/platform.as\/en\/#organization"},"potentialAction":[{"@type":"SearchAction","target":{"@type":"EntryPoint","urlTemplate":"https:\/\/platform.as\/en\/?s={search_term_string}"},"query-input":{"@type":"PropertyValueSpecification","valueRequired":true,"valueName":"search_term_string"}}],"inLanguage":"en-US"},{"@type":"Organization","@id":"https:\/\/platform.as\/en\/#organization","name":"Platform AS","url":"https:\/\/platform.as\/en\/","logo":{"@type":"ImageObject","inLanguage":"en-US","@id":"https:\/\/platform.as\/en\/#\/schema\/logo\/image\/","url":"https:\/\/platform.as\/wp-content\/uploads\/2022\/09\/platform_as_logo_black_b.svg","contentUrl":"https:\/\/platform.as\/wp-content\/uploads\/2022\/09\/platform_as_logo_black_b.svg","width":500,"height":188,"caption":"Platform AS"},"image":{"@id":"https:\/\/platform.as\/en\/#\/schema\/logo\/image\/"}},{"@type":"Person","@id":"https:\/\/platform.as\/en\/#\/schema\/person\/15edbe9c41dc58502fd1861a24458c90","name":"Carsten Andresen","image":{"@type":"ImageObject","inLanguage":"en-US","@id":"https:\/\/platform.as\/en\/#\/schema\/person\/image\/","url":"https:\/\/secure.gravatar.com\/avatar\/54dc68bf597f19a188b5bec6680f84ba9f5917907844e5777e43b85852882285?s=96&d=mm&r=g","contentUrl":"https:\/\/secure.gravatar.com\/avatar\/54dc68bf597f19a188b5bec6680f84ba9f5917907844e5777e43b85852882285?s=96&d=mm&r=g","caption":"Carsten Andresen"}}]}},"_links":{"self":[{"href":"https:\/\/platform.as\/en\/wp-json\/wp\/v2\/posts\/9227","targetHints":{"allow":["GET"]}}],"collection":[{"href":"https:\/\/platform.as\/en\/wp-json\/wp\/v2\/posts"}],"about":[{"href":"https:\/\/platform.as\/en\/wp-json\/wp\/v2\/types\/post"}],"author":[{"embeddable":true,"href":"https:\/\/platform.as\/en\/wp-json\/wp\/v2\/users\/8"}],"replies":[{"embeddable":true,"href":"https:\/\/platform.as\/en\/wp-json\/wp\/v2\/comments?post=9227"}],"version-history":[{"count":2,"href":"https:\/\/platform.as\/en\/wp-json\/wp\/v2\/posts\/9227\/revisions"}],"predecessor-version":[{"id":9254,"href":"https:\/\/platform.as\/en\/wp-json\/wp\/v2\/posts\/9227\/revisions\/9254"}],"wp:featuredmedia":[{"embeddable":true,"href":"https:\/\/platform.as\/en\/wp-json\/wp\/v2\/media\/9239"}],"wp:attachment":[{"href":"https:\/\/platform.as\/en\/wp-json\/wp\/v2\/media?parent=9227"}],"wp:term":[{"taxonomy":"category","embeddable":true,"href":"https:\/\/platform.as\/en\/wp-json\/wp\/v2\/categories?post=9227"},{"taxonomy":"post_tag","embeddable":true,"href":"https:\/\/platform.as\/en\/wp-json\/wp\/v2\/tags?post=9227"}],"curies":[{"name":"wp","href":"https:\/\/api.w.org\/{rel}","templated":true}]}}